{"id":1019,"date":"2016-02-24T14:36:12","date_gmt":"2016-02-24T10:36:12","guid":{"rendered":"http:\/\/belediyye.az\/resulzade\/?p=1019"},"modified":"2016-02-24T14:36:12","modified_gmt":"2016-02-24T10:36:12","slug":"m-%c9%99-r%c9%99sulzad%c9%99-b%c9%99l%c9%99diyy%c9%99sind%c9%99-%c9%99halinin-m%c9%99sgulluq-s%c9%99viyy%c9%99sinin-artirilmasi-il%c9%99-%c9%99laq%c9%99dar-iclas-kecirildi","status":"publish","type":"post","link":"http:\/\/belediyye.az\/resulzade\/m-%c9%99-r%c9%99sulzad%c9%99-b%c9%99l%c9%99diyy%c9%99sind%c9%99-%c9%99halinin-m%c9%99sgulluq-s%c9%99viyy%c9%99sinin-artirilmasi-il%c9%99-%c9%99laq%c9%99dar-iclas-kecirildi\/","title":{"rendered":"M.\u018f.R\u0259sulzad\u0259 B\u0259l\u0259diyy\u0259sind\u0259 \u0259halinin m\u0259\u015f\u011fulluq s\u0259viyy\u0259sinin art\u0131r\u0131lmas\u0131 il\u0259 \u0259laq\u0259dar iclas ke\u00e7irildi"},"content":{"rendered":"<p align=\"center\">\n<p>\u00a0<a href=\"http:\/\/belediyye.az\/resulzade\/wp-content\/uploads\/2015\/12\/Belediyye_logo.jpg\"><img loading=\"lazy\" decoding=\"async\" class=\"size-full wp-image-958 aligncenter\" alt=\"Belediyye_logo\" src=\"http:\/\/belediyye.az\/resulzade\/wp-content\/uploads\/2015\/12\/Belediyye_logo.jpg\" width=\"645\" height=\"600\" srcset=\"http:\/\/belediyye.az\/resulzade\/wp-content\/uploads\/2015\/12\/Belediyye_logo.jpg 645w, http:\/\/belediyye.az\/resulzade\/wp-content\/uploads\/2015\/12\/Belediyye_logo-300x279.jpg 300w, http:\/\/belediyye.az\/resulzade\/wp-content\/uploads\/2015\/12\/Belediyye_logo-59x55.jpg 59w\" sizes=\"auto, (max-width: 645px) 100vw, 645px\" \/><\/a><\/p>\n<p style=\"text-align: justify;\">23 fevral 2016-c\u0131 il tarixd\u0259 Bin\u0259q\u0259di rayonu M.\u018f.R\u0259sulzad\u0259 B\u0259l\u0259diyy\u0259sind\u0259 rayonda sahibkarl\u0131\u011f\u0131n inki\u015faf etdirilm\u0259si, \u0259halinin m\u0259\u015f\u011fulluq s\u0259viyy\u0259sinin art\u0131r\u0131lmas\u0131 il\u0259 \u0259laq\u0259dar Az\u0259rbaycan Respublikas\u0131 Prezidenti \u0130lham \u018fliyevin \u00a0f\u0259rman, s\u0259r\u0259ncam v\u0259 \u00e7\u0131x\u0131\u015flar\u0131nda verdiyi tap\u015f\u0131r\u0131qlar\u0131n \u00f6yr\u0259nilm\u0259si v\u0259 t\u0259\u015fviqi il\u0259 \u0259laq\u0259dar iclas ke\u00e7irilmi\u015fdir.<\/p>\n<p style=\"text-align: justify;\">Bin\u0259q\u0259di rayon \u0130cra Hakimiyy\u0259ti \u018frazi idar\u0259etm\u0259 orqanlar\u0131 il\u0259 i\u015f \u015f\u00f6b\u0259sinin m\u00fcdiri Ramiz G\u00f6y\u00fc\u015fovun r\u0259hb\u0259rliyi il\u0259 t\u0259\u015fkil olunan iclasda Bin\u0259q\u0259di Rayonu M.\u018f.R\u0259sulzad\u0259 \u0130nzibati \u018frazi Dair\u0259si \u00dczr\u0259 N\u00fcmay\u0259nd\u0259liyinin \u0259m\u0259kda\u015flar\u0131 v\u0259 \u00a0M.\u018f.R\u0259sulzad\u0259 B\u0259l\u0259diyy\u0259sinin \u00a0b\u0259l\u0259diyy\u0259 \u00fczvl\u0259ri v\u0259 qulluq\u00e7ular\u0131 i\u015ftirak etmi\u015fl\u0259r.<\/p>\n<p style=\"text-align: justify;\">\u0130clasda Prezidentin son d\u00f6vrl\u0259rd\u0259 imzalad\u0131\u011f\u0131 f\u0259rman v\u0259 s\u0259r\u0259ncamlar, iqisadi v\u0259 sosial m\u0259s\u0259l\u0259l\u0259rin h\u0259lli il\u0259 ba\u011fl\u0131 ke\u00e7iril\u0259n m\u00fc\u015favir\u0259d\u0259 s\u00f6yl\u0259diyi \u00e7\u0131x\u0131\u015f\u0131 r\u0259hb\u0259r tutularaq, Bin\u0259q\u0259di rayonu M.\u018f.R\u0259sulzad\u0259 q\u0259s\u0259b\u0259si \u0259razisind\u0259 iqtisadi durumun yax\u015f\u0131la\u015fd\u0131r\u0131lmas\u0131, ki\u00e7ik v\u0259 orta sahibkarl\u0131\u011f\u0131n inki\u015faf\u0131, \u0259halinin i\u015fg\u00fczar f\u0259aliyy\u0259tinin v\u0259 m\u0259\u015f\u011fulluq s\u0259viyy\u0259sinin art\u0131r\u0131lmas\u0131 istiqam\u0259tl\u0259rind\u0259 s\u00f6hb\u0259t apar\u0131lm\u0131\u015f, \u0259hali aras\u0131nda\u00a0 maarifl\u0259ndirm\u0259 i\u015finin g\u00fccl\u0259ndirilm\u0259si t\u00f6vsiy\u0259 olunmu\u015fdur.<\/p>\n<p style=\"text-align: justify;\">\n<p style=\"text-align: justify;\">\n","protected":false},"excerpt":{"rendered":"<p>\u00a0 23 fevral 2016-c\u0131 il tarixd\u0259 Bin\u0259q\u0259di rayonu M.\u018f.R\u0259sulzad\u0259 B\u0259l\u0259diyy\u0259sind\u0259 rayonda sahibkarl\u0131\u011f\u0131n inki\u015faf etdirilm\u0259si, \u0259halinin m\u0259\u015f\u011fulluq s\u0259viyy\u0259sinin art\u0131r\u0131lmas\u0131 il\u0259 \u0259laq\u0259dar Az\u0259rbaycan Respublikas\u0131 Prezidenti \u0130lham \u018fliyevin \u00a0f\u0259rman, s\u0259r\u0259ncam v\u0259 \u00e7\u0131x\u0131\u015flar\u0131nda verdiyi tap\u015f\u0131r\u0131qlar\u0131n \u00f6yr\u0259nilm\u0259si v\u0259 t\u0259\u015fviqi il\u0259 \u0259laq\u0259dar iclas ke\u00e7irilmi\u015fdir. Bin\u0259q\u0259di rayon \u0130cra Hakimiyy\u0259ti \u018frazi idar\u0259etm\u0259 orqanlar\u0131 il\u0259 i\u015f \u015f\u00f6b\u0259sinin m\u00fcdiri Ramiz G\u00f6y\u00fc\u015fovun r\u0259hb\u0259rliyi il\u0259 t\u0259\u015fkil olunan [&hellip;]<\/p>\n","protected":false},"author":1,"featured_media":0,"comment_status":"closed","ping_status":"closed","sticky":false,"template":"","format":"standard","meta":{"footnotes":""},"categories":[5,1,4],"tags":[],"class_list":["post-1019","post","type-post","status-publish","format-standard","hentry","category-xeberler","category-fealiyyetlerimiz","category-gorulen-ishler"],"_links":{"self":[{"href":"http:\/\/belediyye.az\/resulzade\/wp-json\/wp\/v2\/posts\/1019","targetHints":{"allow":["GET"]}}],"collection":[{"href":"http:\/\/belediyye.az\/resulzade\/wp-json\/wp\/v2\/posts"}],"about":[{"href":"http:\/\/belediyye.az\/resulzade\/wp-json\/wp\/v2\/types\/post"}],"author":[{"embeddable":true,"href":"http:\/\/belediyye.az\/resulzade\/wp-json\/wp\/v2\/users\/1"}],"replies":[{"embeddable":true,"href":"http:\/\/belediyye.az\/resulzade\/wp-json\/wp\/v2\/comments?post=1019"}],"version-history":[{"count":2,"href":"http:\/\/belediyye.az\/resulzade\/wp-json\/wp\/v2\/posts\/1019\/revisions"}],"predecessor-version":[{"id":1021,"href":"http:\/\/belediyye.az\/resulzade\/wp-json\/wp\/v2\/posts\/1019\/revisions\/1021"}],"wp:attachment":[{"href":"http:\/\/belediyye.az\/resulzade\/wp-json\/wp\/v2\/media?parent=1019"}],"wp:term":[{"taxonomy":"category","embeddable":true,"href":"http:\/\/belediyye.az\/resulzade\/wp-json\/wp\/v2\/categories?post=1019"},{"taxonomy":"post_tag","embeddable":true,"href":"http:\/\/belediyye.az\/resulzade\/wp-json\/wp\/v2\/tags?post=1019"}],"curies":[{"name":"wp","href":"https:\/\/api.w.org\/{rel}","templated":true}]}}